{"id":7443,"date":"2026-08-28T14:35:27","date_gmt":"2026-08-28T12:35:27","guid":{"rendered":"https:\/\/www.hosteleriagipuzkoa.com\/?p=7443"},"modified":"2026-09-02T14:39:39","modified_gmt":"2026-09-02T12:39:39","slug":"gipuzkoako-ostalaritza-elkarteko-bazkideentzako-deskontu-berezia-2026ko-san-sebastian-gastronomikan","status":"publish","type":"post","link":"https:\/\/www.hosteleriagipuzkoa.com\/eu\/2026\/08\/28\/gipuzkoako-ostalaritza-elkarteko-bazkideentzako-deskontu-berezia-2026ko-san-sebastian-gastronomikan\/","title":{"rendered":"Gipuzkoako Ostalaritza Elkarteko Bazkideentzako deskontu berezia 2026ko San Sebasti\u00e1n Gastronomikan"},"content":{"rendered":"\n<h3 class=\"wp-block-heading\">San Sebastian Gastronomika 2026 bueltan da eta, urtero bezala, talde antolatzaileak % 60ko deskontua eskaintzen die kongresu osoan izena eman nahi duten Gipuzkoako Ostalaritza Elkarteko bazkideei.<\/h3>\n\n\n\n<p class=\"wp-block-paragraph\"><a href=\"https:\/\/www.sansebastiangastronomika.com\/\" data-type=\"link\" data-id=\"https:\/\/www.sansebastiangastronomika.com\/\">San Sebastian Gastronomika<\/a> urriaren 5etik 7ra ospatuko da, urtero bezala, Kursaalean. 28. edizio honek Euskal Sukaldaritza Berriaren 50 urteak omenduko ditu, eta nazioko eta nazioarteko gastronomiaren izen handienetako batzuk bilduko ditu.<\/p>\n\n\n\n<p class=\"wp-block-paragraph\">Aurten, gainera, <a href=\"https:\/\/www.hosteleriagipuzkoa.com\/2026\/07\/27\/el-vi-campeonato-de-pintxos-de-gipuzkoa-abre-inscripciones-y-celebrara-su-final-por-primera-vez-dentro-de-gastronomika\/\" data-type=\"link\" data-id=\"https:\/\/www.hosteleriagipuzkoa.com\/2026\/07\/27\/el-vi-campeonato-de-pintxos-de-gipuzkoa-abre-inscripciones-y-celebrara-su-final-por-primera-vez-dentro-de-gastronomika\/\">Gipuzkoako VI. Pintxo Txapelketaren<\/a> finala Gastronomikaren barruan izango da, urriaren 7an.<\/p>\n\n\n\n<p class=\"wp-block-paragraph\">Urtero bezala, antolatzaileek %60ko deskontua eskaintzen die kongresu osoan izena eman nahi duten Gipuzkoako Ostalaritza Elkarteko bazkideei (A zonaldea, dastaketekin). Gipuzkoako Ostalaritza Elkarteko bazkideen sarrerek 100 euroko prezioa izango dute (ez 250 eurokoa).<\/p>\n\n\n\n<p class=\"wp-block-paragraph\">Izena emateko eta %60ko deskontua lortzeko <a href=\"https:\/\/sansebastiangastronomika.equinoccioeventos.com\/inscripciones\/\" data-type=\"link\" data-id=\"https:\/\/sansebastiangastronomika.equinoccioeventos.com\/inscripciones\/\">Gastronomikaren<\/a> webgunean sartu eta &#8220;Gipuzkoa-Nafarroa Ostalaritzan Izena Ematea&#8221; tarifa aukeratu besterik ez duzu egin behar.<\/p>\n\n\n\n<p class=\"wp-block-paragraph\">Gure hiria eta lurraldea munduko gastronomiaren erdigunean jartzen dituen kongresu gastronomiko honetan parte hartzera eta izena ematera animatzen zaitugu.<\/p>\n","protected":false},"excerpt":{"rendered":"<p>San Sebastian Gastronomika 2026 bueltan da eta, urtero bezala, talde antolatzaileak % 60ko deskontua eskaintzen die kongresu osoan izena eman nahi duten Gipuzkoako Ostalaritza Elkarteko bazkideei. San Sebastian Gastronomika urriaren [&hellip;]<\/p>\n","protected":false},"author":2,"featured_media":6433,"comment_status":"closed","ping_status":"open","sticky":false,"template":"","format":"standard","meta":{"footnotes":""},"categories":[206],"tags":[],"class_list":["post-7443","post","type-post","status-publish","format-standard","has-post-thumbnail","hentry","category-hitzarmenak"],"yoast_head":"<!-- This site is optimized with the Yoast SEO plugin v28.4 - https:\/\/yoast.com\/product\/yoast-seo-wordpress\/ -->\n<title>Gipuzkoako Ostalaritza Elkarteko Bazkideentzako deskontu berezia 2026ko San Sebasti\u00e1n Gastronomikan - Asociaci\u00f3n de Hosteler\u00eda de Gipuzkoa | Gipuzkoako Ostalaritza Elkartea<\/title>\n<meta name=\"description\" content=\"%60ko deskontua eskaintzen die kongresu osoan izena eman nahi duten Gipuzkoako Ostalaritza Elkarteko bazkideei.\" \/>\n<meta name=\"robots\" content=\"index, follow, max-snippet:-1, max-image-preview:large, max-video-preview:-1\" \/>\n<link rel=\"canonical\" href=\"https:\/\/www.hosteleriagipuzkoa.com\/eu\/2026\/08\/28\/gipuzkoako-ostalaritza-elkarteko-bazkideentzako-deskontu-berezia-2026ko-san-sebastian-gastronomikan\/\" \/>\n<meta property=\"og:locale\" content=\"eu_ES\" \/>\n<meta property=\"og:type\" content=\"article\" \/>\n<meta property=\"og:title\" content=\"Gipuzkoako Ostalaritza Elkarteko Bazkideentzako deskontu berezia 2026ko San Sebasti\u00e1n Gastronomikan - Asociaci\u00f3n de Hosteler\u00eda de Gipuzkoa | Gipuzkoako Ostalaritza Elkartea\" \/>\n<meta property=\"og:description\" content=\"%60ko deskontua eskaintzen die kongresu osoan izena eman nahi duten Gipuzkoako Ostalaritza Elkarteko bazkideei.\" \/>\n<meta property=\"og:url\" content=\"https:\/\/www.hosteleriagipuzkoa.com\/eu\/2026\/08\/28\/gipuzkoako-ostalaritza-elkarteko-bazkideentzako-deskontu-berezia-2026ko-san-sebastian-gastronomikan\/\" \/>\n<meta property=\"og:site_name\" content=\"Asociaci\u00f3n de Hosteler\u00eda de Gipuzkoa | Gipuzkoako Ostalaritza Elkartea\" \/>\n<meta property=\"article:published_time\" content=\"2026-08-28T12:35:27+00:00\" \/>\n<meta property=\"article:modified_time\" content=\"2026-09-02T12:39:39+00:00\" \/>\n<meta property=\"og:image\" content=\"https:\/\/www.hosteleriagipuzkoa.com\/wp-content\/uploads\/2025\/09\/agenda-kursaal-SSG_872x336-1-e1787905446775.jpg\" \/>\n\t<meta property=\"og:image:width\" content=\"872\" \/>\n\t<meta property=\"og:image:height\" content=\"336\" \/>\n\t<meta property=\"og:image:type\" content=\"image\/jpeg\" \/>\n<meta name=\"author\" content=\"AEHG\" \/>\n<meta name=\"twitter:card\" content=\"summary_large_image\" \/>\n<meta name=\"twitter:label1\" content=\"Written by\" \/>\n\t<meta name=\"twitter:data1\" content=\"AEHG\" \/>\n\t<meta name=\"twitter:label2\" content=\"Est. reading time\" \/>\n\t<meta name=\"twitter:data2\" content=\"1 minute\" \/>\n<script type=\"application\/ld+json\" class=\"yoast-schema-graph\">{\"@context\":\"https:\\\/\\\/schema.org\",\"@graph\":[{\"@type\":\"Article\",\"@id\":\"https:\\\/\\\/www.hosteleriagipuzkoa.com\\\/eu\\\/2026\\\/08\\\/28\\\/gipuzkoako-ostalaritza-elkarteko-bazkideentzako-deskontu-berezia-2026ko-san-sebastian-gastronomikan\\\/#article\",\"isPartOf\":{\"@id\":\"https:\\\/\\\/www.hosteleriagipuzkoa.com\\\/eu\\\/2026\\\/08\\\/28\\\/gipuzkoako-ostalaritza-elkarteko-bazkideentzako-deskontu-berezia-2026ko-san-sebastian-gastronomikan\\\/\"},\"author\":{\"name\":\"AEHG\",\"@id\":\"https:\\\/\\\/www.hosteleriagipuzkoa.com\\\/#\\\/schema\\\/person\\\/95fe1ad6431ea3e89831aa798ceb42e6\"},\"headline\":\"Gipuzkoako Ostalaritza Elkarteko Bazkideentzako deskontu berezia 2026ko San Sebasti\u00e1n Gastronomikan\",\"datePublished\":\"2026-08-28T12:35:27+00:00\",\"dateModified\":\"2026-09-02T12:39:39+00:00\",\"mainEntityOfPage\":{\"@id\":\"https:\\\/\\\/www.hosteleriagipuzkoa.com\\\/eu\\\/2026\\\/08\\\/28\\\/gipuzkoako-ostalaritza-elkarteko-bazkideentzako-deskontu-berezia-2026ko-san-sebastian-gastronomikan\\\/\"},\"wordCount\":148,\"publisher\":{\"@id\":\"https:\\\/\\\/www.hosteleriagipuzkoa.com\\\/#organization\"},\"image\":{\"@id\":\"https:\\\/\\\/www.hosteleriagipuzkoa.com\\\/eu\\\/2026\\\/08\\\/28\\\/gipuzkoako-ostalaritza-elkarteko-bazkideentzako-deskontu-berezia-2026ko-san-sebastian-gastronomikan\\\/#primaryimage\"},\"thumbnailUrl\":\"https:\\\/\\\/www.hosteleriagipuzkoa.com\\\/wp-content\\\/uploads\\\/2025\\\/09\\\/agenda-kursaal-SSG_872x336-1-e1787905446775.jpg\",\"articleSection\":[\"Hitzarmenak\"],\"inLanguage\":\"eu-ES\"},{\"@type\":\"WebPage\",\"@id\":\"https:\\\/\\\/www.hosteleriagipuzkoa.com\\\/eu\\\/2026\\\/08\\\/28\\\/gipuzkoako-ostalaritza-elkarteko-bazkideentzako-deskontu-berezia-2026ko-san-sebastian-gastronomikan\\\/\",\"url\":\"https:\\\/\\\/www.hosteleriagipuzkoa.com\\\/eu\\\/2026\\\/08\\\/28\\\/gipuzkoako-ostalaritza-elkarteko-bazkideentzako-deskontu-berezia-2026ko-san-sebastian-gastronomikan\\\/\",\"name\":\"Gipuzkoako Ostalaritza Elkarteko Bazkideentzako deskontu berezia 2026ko San Sebasti\u00e1n Gastronomikan - Asociaci\u00f3n de Hosteler\u00eda de Gipuzkoa | Gipuzkoako Ostalaritza Elkartea\",\"isPartOf\":{\"@id\":\"https:\\\/\\\/www.hosteleriagipuzkoa.com\\\/#website\"},\"primaryImageOfPage\":{\"@id\":\"https:\\\/\\\/www.hosteleriagipuzkoa.com\\\/eu\\\/2026\\\/08\\\/28\\\/gipuzkoako-ostalaritza-elkarteko-bazkideentzako-deskontu-berezia-2026ko-san-sebastian-gastronomikan\\\/#primaryimage\"},\"image\":{\"@id\":\"https:\\\/\\\/www.hosteleriagipuzkoa.com\\\/eu\\\/2026\\\/08\\\/28\\\/gipuzkoako-ostalaritza-elkarteko-bazkideentzako-deskontu-berezia-2026ko-san-sebastian-gastronomikan\\\/#primaryimage\"},\"thumbnailUrl\":\"https:\\\/\\\/www.hosteleriagipuzkoa.com\\\/wp-content\\\/uploads\\\/2025\\\/09\\\/agenda-kursaal-SSG_872x336-1-e1787905446775.jpg\",\"datePublished\":\"2026-08-28T12:35:27+00:00\",\"dateModified\":\"2026-09-02T12:39:39+00:00\",\"description\":\"%60ko deskontua eskaintzen die kongresu osoan izena eman nahi duten Gipuzkoako Ostalaritza Elkarteko bazkideei.\",\"breadcrumb\":{\"@id\":\"https:\\\/\\\/www.hosteleriagipuzkoa.com\\\/eu\\\/2026\\\/08\\\/28\\\/gipuzkoako-ostalaritza-elkarteko-bazkideentzako-deskontu-berezia-2026ko-san-sebastian-gastronomikan\\\/#breadcrumb\"},\"inLanguage\":\"eu-ES\",\"potentialAction\":[{\"@type\":\"ReadAction\",\"target\":[\"https:\\\/\\\/www.hosteleriagipuzkoa.com\\\/eu\\\/2026\\\/08\\\/28\\\/gipuzkoako-ostalaritza-elkarteko-bazkideentzako-deskontu-berezia-2026ko-san-sebastian-gastronomikan\\\/\"]}]},{\"@type\":\"ImageObject\",\"inLanguage\":\"eu-ES\",\"@id\":\"https:\\\/\\\/www.hosteleriagipuzkoa.com\\\/eu\\\/2026\\\/08\\\/28\\\/gipuzkoako-ostalaritza-elkarteko-bazkideentzako-deskontu-berezia-2026ko-san-sebastian-gastronomikan\\\/#primaryimage\",\"url\":\"https:\\\/\\\/www.hosteleriagipuzkoa.com\\\/wp-content\\\/uploads\\\/2025\\\/09\\\/agenda-kursaal-SSG_872x336-1-e1787905446775.jpg\",\"contentUrl\":\"https:\\\/\\\/www.hosteleriagipuzkoa.com\\\/wp-content\\\/uploads\\\/2025\\\/09\\\/agenda-kursaal-SSG_872x336-1-e1787905446775.jpg\",\"width\":872,\"height\":336,\"caption\":\"Gastronomika 2025\"},{\"@type\":\"BreadcrumbList\",\"@id\":\"https:\\\/\\\/www.hosteleriagipuzkoa.com\\\/eu\\\/2026\\\/08\\\/28\\\/gipuzkoako-ostalaritza-elkarteko-bazkideentzako-deskontu-berezia-2026ko-san-sebastian-gastronomikan\\\/#breadcrumb\",\"itemListElement\":[{\"@type\":\"ListItem\",\"position\":1,\"name\":\"Portada\",\"item\":\"https:\\\/\\\/www.hosteleriagipuzkoa.com\\\/eu\\\/hasiera\\\/\"},{\"@type\":\"ListItem\",\"position\":2,\"name\":\"Gipuzkoako Ostalaritza Elkarteko Bazkideentzako deskontu berezia 2026ko San Sebasti\u00e1n Gastronomikan\"}]},{\"@type\":\"WebSite\",\"@id\":\"https:\\\/\\\/www.hosteleriagipuzkoa.com\\\/#website\",\"url\":\"https:\\\/\\\/www.hosteleriagipuzkoa.com\\\/\",\"name\":\"Asociaci\u00f3n de Hosteler\u00eda de Gipuzkoa | Gipuzkoako Ostalaritza Elkartea\",\"description\":\"\",\"publisher\":{\"@id\":\"https:\\\/\\\/www.hosteleriagipuzkoa.com\\\/#organization\"},\"potentialAction\":[{\"@type\":\"SearchAction\",\"target\":{\"@type\":\"EntryPoint\",\"urlTemplate\":\"https:\\\/\\\/www.hosteleriagipuzkoa.com\\\/?s={search_term_string}\"},\"query-input\":{\"@type\":\"PropertyValueSpecification\",\"valueRequired\":true,\"valueName\":\"search_term_string\"}}],\"inLanguage\":\"eu-ES\"},{\"@type\":\"Organization\",\"@id\":\"https:\\\/\\\/www.hosteleriagipuzkoa.com\\\/#organization\",\"name\":\"Asociaci\u00f3n de Hosteler\u00eda de Gipuzkoa | Gipuzkoako Ostalaritza Elkartea\",\"url\":\"https:\\\/\\\/www.hosteleriagipuzkoa.com\\\/\",\"logo\":{\"@type\":\"ImageObject\",\"inLanguage\":\"eu-ES\",\"@id\":\"https:\\\/\\\/www.hosteleriagipuzkoa.com\\\/#\\\/schema\\\/logo\\\/image\\\/\",\"url\":\"https:\\\/\\\/www.hosteleriagipuzkoa.com\\\/wp-content\\\/uploads\\\/2022\\\/02\\\/logo-hosteleria-gipuzkoa.png\",\"contentUrl\":\"https:\\\/\\\/www.hosteleriagipuzkoa.com\\\/wp-content\\\/uploads\\\/2022\\\/02\\\/logo-hosteleria-gipuzkoa.png\",\"width\":175,\"height\":99,\"caption\":\"Asociaci\u00f3n de Hosteler\u00eda de Gipuzkoa | Gipuzkoako Ostalaritza Elkartea\"},\"image\":{\"@id\":\"https:\\\/\\\/www.hosteleriagipuzkoa.com\\\/#\\\/schema\\\/logo\\\/image\\\/\"}},{\"@type\":\"Person\",\"@id\":\"https:\\\/\\\/www.hosteleriagipuzkoa.com\\\/#\\\/schema\\\/person\\\/95fe1ad6431ea3e89831aa798ceb42e6\",\"name\":\"AEHG\",\"url\":\"https:\\\/\\\/www.hosteleriagipuzkoa.com\\\/eu\\\/author\\\/aehg\\\/\"}]}<\/script>\n<!-- \/ Yoast SEO plugin. -->","yoast_head_json":{"title":"Gipuzkoako Ostalaritza Elkarteko Bazkideentzako deskontu berezia 2026ko San Sebasti\u00e1n Gastronomikan - Asociaci\u00f3n de Hosteler\u00eda de Gipuzkoa | Gipuzkoako Ostalaritza Elkartea","description":"%60ko deskontua eskaintzen die kongresu osoan izena eman nahi duten Gipuzkoako Ostalaritza Elkarteko bazkideei.","robots":{"index":"index","follow":"follow","max-snippet":"max-snippet:-1","max-image-preview":"max-image-preview:large","max-video-preview":"max-video-preview:-1"},"canonical":"https:\/\/www.hosteleriagipuzkoa.com\/eu\/2026\/08\/28\/gipuzkoako-ostalaritza-elkarteko-bazkideentzako-deskontu-berezia-2026ko-san-sebastian-gastronomikan\/","og_locale":"eu_ES","og_type":"article","og_title":"Gipuzkoako Ostalaritza Elkarteko Bazkideentzako deskontu berezia 2026ko San Sebasti\u00e1n Gastronomikan - Asociaci\u00f3n de Hosteler\u00eda de Gipuzkoa | Gipuzkoako Ostalaritza Elkartea","og_description":"%60ko deskontua eskaintzen die kongresu osoan izena eman nahi duten Gipuzkoako Ostalaritza Elkarteko bazkideei.","og_url":"https:\/\/www.hosteleriagipuzkoa.com\/eu\/2026\/08\/28\/gipuzkoako-ostalaritza-elkarteko-bazkideentzako-deskontu-berezia-2026ko-san-sebastian-gastronomikan\/","og_site_name":"Asociaci\u00f3n de Hosteler\u00eda de Gipuzkoa | Gipuzkoako Ostalaritza Elkartea","article_published_time":"2026-08-28T12:35:27+00:00","article_modified_time":"2026-09-02T12:39:39+00:00","og_image":[{"width":872,"height":336,"url":"https:\/\/www.hosteleriagipuzkoa.com\/wp-content\/uploads\/2025\/09\/agenda-kursaal-SSG_872x336-1-e1787905446775.jpg","type":"image\/jpeg"}],"author":"AEHG","twitter_card":"summary_large_image","twitter_misc":{"Written by":"AEHG","Est. reading time":"1 minute"},"schema":{"@context":"https:\/\/schema.org","@graph":[{"@type":"Article","@id":"https:\/\/www.hosteleriagipuzkoa.com\/eu\/2026\/08\/28\/gipuzkoako-ostalaritza-elkarteko-bazkideentzako-deskontu-berezia-2026ko-san-sebastian-gastronomikan\/#article","isPartOf":{"@id":"https:\/\/www.hosteleriagipuzkoa.com\/eu\/2026\/08\/28\/gipuzkoako-ostalaritza-elkarteko-bazkideentzako-deskontu-berezia-2026ko-san-sebastian-gastronomikan\/"},"author":{"name":"AEHG","@id":"https:\/\/www.hosteleriagipuzkoa.com\/#\/schema\/person\/95fe1ad6431ea3e89831aa798ceb42e6"},"headline":"Gipuzkoako Ostalaritza Elkarteko Bazkideentzako deskontu berezia 2026ko San Sebasti\u00e1n Gastronomikan","datePublished":"2026-08-28T12:35:27+00:00","dateModified":"2026-09-02T12:39:39+00:00","mainEntityOfPage":{"@id":"https:\/\/www.hosteleriagipuzkoa.com\/eu\/2026\/08\/28\/gipuzkoako-ostalaritza-elkarteko-bazkideentzako-deskontu-berezia-2026ko-san-sebastian-gastronomikan\/"},"wordCount":148,"publisher":{"@id":"https:\/\/www.hosteleriagipuzkoa.com\/#organization"},"image":{"@id":"https:\/\/www.hosteleriagipuzkoa.com\/eu\/2026\/08\/28\/gipuzkoako-ostalaritza-elkarteko-bazkideentzako-deskontu-berezia-2026ko-san-sebastian-gastronomikan\/#primaryimage"},"thumbnailUrl":"https:\/\/www.hosteleriagipuzkoa.com\/wp-content\/uploads\/2025\/09\/agenda-kursaal-SSG_872x336-1-e1787905446775.jpg","articleSection":["Hitzarmenak"],"inLanguage":"eu-ES"},{"@type":"WebPage","@id":"https:\/\/www.hosteleriagipuzkoa.com\/eu\/2026\/08\/28\/gipuzkoako-ostalaritza-elkarteko-bazkideentzako-deskontu-berezia-2026ko-san-sebastian-gastronomikan\/","url":"https:\/\/www.hosteleriagipuzkoa.com\/eu\/2026\/08\/28\/gipuzkoako-ostalaritza-elkarteko-bazkideentzako-deskontu-berezia-2026ko-san-sebastian-gastronomikan\/","name":"Gipuzkoako Ostalaritza Elkarteko Bazkideentzako deskontu berezia 2026ko San Sebasti\u00e1n Gastronomikan - Asociaci\u00f3n de Hosteler\u00eda de Gipuzkoa | Gipuzkoako Ostalaritza Elkartea","isPartOf":{"@id":"https:\/\/www.hosteleriagipuzkoa.com\/#website"},"primaryImageOfPage":{"@id":"https:\/\/www.hosteleriagipuzkoa.com\/eu\/2026\/08\/28\/gipuzkoako-ostalaritza-elkarteko-bazkideentzako-deskontu-berezia-2026ko-san-sebastian-gastronomikan\/#primaryimage"},"image":{"@id":"https:\/\/www.hosteleriagipuzkoa.com\/eu\/2026\/08\/28\/gipuzkoako-ostalaritza-elkarteko-bazkideentzako-deskontu-berezia-2026ko-san-sebastian-gastronomikan\/#primaryimage"},"thumbnailUrl":"https:\/\/www.hosteleriagipuzkoa.com\/wp-content\/uploads\/2025\/09\/agenda-kursaal-SSG_872x336-1-e1787905446775.jpg","datePublished":"2026-08-28T12:35:27+00:00","dateModified":"2026-09-02T12:39:39+00:00","description":"%60ko deskontua eskaintzen die kongresu osoan izena eman nahi duten Gipuzkoako Ostalaritza Elkarteko bazkideei.","breadcrumb":{"@id":"https:\/\/www.hosteleriagipuzkoa.com\/eu\/2026\/08\/28\/gipuzkoako-ostalaritza-elkarteko-bazkideentzako-deskontu-berezia-2026ko-san-sebastian-gastronomikan\/#breadcrumb"},"inLanguage":"eu-ES","potentialAction":[{"@type":"ReadAction","target":["https:\/\/www.hosteleriagipuzkoa.com\/eu\/2026\/08\/28\/gipuzkoako-ostalaritza-elkarteko-bazkideentzako-deskontu-berezia-2026ko-san-sebastian-gastronomikan\/"]}]},{"@type":"ImageObject","inLanguage":"eu-ES","@id":"https:\/\/www.hosteleriagipuzkoa.com\/eu\/2026\/08\/28\/gipuzkoako-ostalaritza-elkarteko-bazkideentzako-deskontu-berezia-2026ko-san-sebastian-gastronomikan\/#primaryimage","url":"https:\/\/www.hosteleriagipuzkoa.com\/wp-content\/uploads\/2025\/09\/agenda-kursaal-SSG_872x336-1-e1787905446775.jpg","contentUrl":"https:\/\/www.hosteleriagipuzkoa.com\/wp-content\/uploads\/2025\/09\/agenda-kursaal-SSG_872x336-1-e1787905446775.jpg","width":872,"height":336,"caption":"Gastronomika 2025"},{"@type":"BreadcrumbList","@id":"https:\/\/www.hosteleriagipuzkoa.com\/eu\/2026\/08\/28\/gipuzkoako-ostalaritza-elkarteko-bazkideentzako-deskontu-berezia-2026ko-san-sebastian-gastronomikan\/#breadcrumb","itemListElement":[{"@type":"ListItem","position":1,"name":"Portada","item":"https:\/\/www.hosteleriagipuzkoa.com\/eu\/hasiera\/"},{"@type":"ListItem","position":2,"name":"Gipuzkoako Ostalaritza Elkarteko Bazkideentzako deskontu berezia 2026ko San Sebasti\u00e1n Gastronomikan"}]},{"@type":"WebSite","@id":"https:\/\/www.hosteleriagipuzkoa.com\/#website","url":"https:\/\/www.hosteleriagipuzkoa.com\/","name":"Asociaci\u00f3n de Hosteler\u00eda de Gipuzkoa | Gipuzkoako Ostalaritza Elkartea","description":"","publisher":{"@id":"https:\/\/www.hosteleriagipuzkoa.com\/#organization"},"potentialAction":[{"@type":"SearchAction","target":{"@type":"EntryPoint","urlTemplate":"https:\/\/www.hosteleriagipuzkoa.com\/?s={search_term_string}"},"query-input":{"@type":"PropertyValueSpecification","valueRequired":true,"valueName":"search_term_string"}}],"inLanguage":"eu-ES"},{"@type":"Organization","@id":"https:\/\/www.hosteleriagipuzkoa.com\/#organization","name":"Asociaci\u00f3n de Hosteler\u00eda de Gipuzkoa | Gipuzkoako Ostalaritza Elkartea","url":"https:\/\/www.hosteleriagipuzkoa.com\/","logo":{"@type":"ImageObject","inLanguage":"eu-ES","@id":"https:\/\/www.hosteleriagipuzkoa.com\/#\/schema\/logo\/image\/","url":"https:\/\/www.hosteleriagipuzkoa.com\/wp-content\/uploads\/2022\/02\/logo-hosteleria-gipuzkoa.png","contentUrl":"https:\/\/www.hosteleriagipuzkoa.com\/wp-content\/uploads\/2022\/02\/logo-hosteleria-gipuzkoa.png","width":175,"height":99,"caption":"Asociaci\u00f3n de Hosteler\u00eda de Gipuzkoa | Gipuzkoako Ostalaritza Elkartea"},"image":{"@id":"https:\/\/www.hosteleriagipuzkoa.com\/#\/schema\/logo\/image\/"}},{"@type":"Person","@id":"https:\/\/www.hosteleriagipuzkoa.com\/#\/schema\/person\/95fe1ad6431ea3e89831aa798ceb42e6","name":"AEHG","url":"https:\/\/www.hosteleriagipuzkoa.com\/eu\/author\/aehg\/"}]}},"_links":{"self":[{"href":"https:\/\/www.hosteleriagipuzkoa.com\/eu\/wp-json\/wp\/v2\/posts\/7443","targetHints":{"allow":["GET"]}}],"collection":[{"href":"https:\/\/www.hosteleriagipuzkoa.com\/eu\/wp-json\/wp\/v2\/posts"}],"about":[{"href":"https:\/\/www.hosteleriagipuzkoa.com\/eu\/wp-json\/wp\/v2\/types\/post"}],"author":[{"embeddable":true,"href":"https:\/\/www.hosteleriagipuzkoa.com\/eu\/wp-json\/wp\/v2\/users\/2"}],"replies":[{"embeddable":true,"href":"https:\/\/www.hosteleriagipuzkoa.com\/eu\/wp-json\/wp\/v2\/comments?post=7443"}],"version-history":[{"count":1,"href":"https:\/\/www.hosteleriagipuzkoa.com\/eu\/wp-json\/wp\/v2\/posts\/7443\/revisions"}],"predecessor-version":[{"id":7444,"href":"https:\/\/www.hosteleriagipuzkoa.com\/eu\/wp-json\/wp\/v2\/posts\/7443\/revisions\/7444"}],"wp:featuredmedia":[{"embeddable":true,"href":"https:\/\/www.hosteleriagipuzkoa.com\/eu\/wp-json\/wp\/v2\/media\/6433"}],"wp:attachment":[{"href":"https:\/\/www.hosteleriagipuzkoa.com\/eu\/wp-json\/wp\/v2\/media?parent=7443"}],"wp:term":[{"taxonomy":"category","embeddable":true,"href":"https:\/\/www.hosteleriagipuzkoa.com\/eu\/wp-json\/wp\/v2\/categories?post=7443"},{"taxonomy":"post_tag","embeddable":true,"href":"https:\/\/www.hosteleriagipuzkoa.com\/eu\/wp-json\/wp\/v2\/tags?post=7443"}],"curies":[{"name":"wp","href":"https:\/\/api.w.org\/{rel}","templated":true}]}}