{"id":6027,"date":"2025-01-15T11:55:13","date_gmt":"2025-01-15T10:55:13","guid":{"rendered":"https:\/\/www.hosteleriagipuzkoa.com\/2025\/01\/15\/itxiera-ordutegia-luzatzea-2025\/"},"modified":"2025-01-15T12:30:58","modified_gmt":"2025-01-15T11:30:58","slug":"itxiera-ordutegia-luzatzea-2025","status":"publish","type":"post","link":"https:\/\/www.hosteleriagipuzkoa.com\/eu\/2025\/01\/15\/itxiera-ordutegia-luzatzea-2025\/","title":{"rendered":"Itxiera-ordutegia luzatzea 2025"},"content":{"rendered":"\t\t<div data-elementor-type=\"wp-post\" data-elementor-id=\"6027\" class=\"elementor elementor-6027 elementor-6001\" data-elementor-post-type=\"post\">\n\t\t\t\t\t\t<section class=\"elementor-section elementor-top-section elementor-element elementor-element-98a179e elementor-section-boxed elementor-section-height-default elementor-section-height-default\" data-id=\"98a179e\" data-element_type=\"section\" data-e-type=\"section\">\n\t\t\t\t\t\t<div class=\"elementor-container elementor-column-gap-default\">\n\t\t\t\t\t<div class=\"elementor-column elementor-col-100 elementor-top-column elementor-element elementor-element-04ba207\" data-id=\"04ba207\" data-element_type=\"column\" data-e-type=\"column\">\n\t\t\t<div class=\"elementor-widget-wrap elementor-element-populated\">\n\t\t\t\t\t\t<div class=\"elementor-element elementor-element-fb49598 elementor-widget elementor-widget-text-editor\" data-id=\"fb49598\" data-element_type=\"widget\" data-e-type=\"widget\" data-widget_type=\"text-editor.default\">\n\t\t\t\t\t\t\t\t\t<p>Donostia-San Sebasti\u00e1ngo Udalak baimena eman du urtarrilaren 19 igandean eta 20 astelehenean ostalaritzako establezimenduen itxiera-ordutegia bi orduz luzatzeko. Neurri honek hiriko establezimendu guztiei eragiten die, eta helburua negozioei data hauetan malgutasun handiagoa eskaintzea da.<\/p>\n<p>Araudi berriaren arabera, igandea, urtarrilaren 19ko itxiera-ordutegia honako hau izango da:<\/p>\n<ul>\n<li><strong>1. taldea<\/strong>: 02:30<\/li>\n<li><strong>2. taldea<\/strong>: 04:30<\/li>\n<li><strong>3. taldea<\/strong>: 06:00<\/li>\n<li><strong>4. taldea<\/strong>: 08:00<\/li>\n<\/ul>\n<p>Astelehena, urtarrilaren 20rako, ordutegiak honakoak izango dira:<\/p>\n<ul>\n<li><strong>1. taldea<\/strong>: 01:00<\/li>\n<li><strong>2. taldea<\/strong>: 03:00<\/li>\n<li><strong>3. taldea<\/strong>: 04:30<\/li>\n<li><strong>4. taldea<\/strong>: 06:30<\/li>\n<\/ul>\n<p>Luzapen hau establezimenduen funtzionamendua errazteko eta bezeroei denbora gehiago eskaintzeko helburuarekin aplikatuko da.<\/p>\n\t\t\t\t\t\t\t\t<\/div>\n\t\t\t\t\t<\/div>\n\t\t<\/div>\n\t\t\t\t\t<\/div>\n\t\t<\/section>\n\t\t\t\t<section class=\"elementor-section elementor-top-section elementor-element elementor-element-6ddcf8a elementor-section-boxed elementor-section-height-default elementor-section-height-default\" data-id=\"6ddcf8a\" data-element_type=\"section\" data-e-type=\"section\">\n\t\t\t\t\t\t<div class=\"elementor-container elementor-column-gap-default\">\n\t\t\t\t\t<div class=\"elementor-column elementor-col-100 elementor-top-column elementor-element elementor-element-f635e4c\" data-id=\"f635e4c\" data-element_type=\"column\" data-e-type=\"column\">\n\t\t\t<div class=\"elementor-widget-wrap elementor-element-populated\">\n\t\t\t\t\t\t<div class=\"elementor-element elementor-element-53b4d2f elementor-align-center elementor-widget elementor-widget-button\" data-id=\"53b4d2f\" data-element_type=\"widget\" data-e-type=\"widget\" data-widget_type=\"button.default\">\n\t\t\t\t\t\t\t\t\t\t<a class=\"elementor-button elementor-button-link elementor-size-sm\" href=\"https:\/\/www.hosteleriagipuzkoa.com\/wp-content\/uploads\/2025\/01\/EGUTEGIA-CALENDARIO-2025.pdf\">\n\t\t\t\t\t\t<span class=\"elementor-button-content-wrapper\">\n\t\t\t\t\t\t\t\t\t<span class=\"elementor-button-text\"> Ordutegia kontsultatu<\/span>\n\t\t\t\t\t<\/span>\n\t\t\t\t\t<\/a>\n\t\t\t\t\t\t\t\t<\/div>\n\t\t\t\t\t<\/div>\n\t\t<\/div>\n\t\t\t\t\t<\/div>\n\t\t<\/section>\n\t\t\t\t<\/div>\n\t\t","protected":false},"excerpt":{"rendered":"<p>Donostia-San Sebasti\u00e1ngo Udalak baimena eman du urtarrilaren 19 igandean eta 20 astelehenean ostalaritzako establezimenduen itxiera-ordutegia bi orduz luzatzeko. Neurri honek hiriko establezimendu guztiei eragiten die, eta helburua negozioei data hauetan [&hellip;]<\/p>\n","protected":false},"author":2,"featured_media":6004,"comment_status":"closed","ping_status":"open","sticky":false,"template":"","format":"standard","meta":{"footnotes":""},"categories":[39],"tags":[],"class_list":["post-6027","post","type-post","status-publish","format-standard","has-post-thumbnail","hentry","category-elkartea"],"yoast_head":"<!-- This site is optimized with the Yoast SEO plugin v27.5 - https:\/\/yoast.com\/product\/yoast-seo-wordpress\/ -->\n<title>Itxiera-ordutegia luzatzea 2025 - Asociaci\u00f3n de Hosteler\u00eda de Gipuzkoa | Gipuzkoako Ostalaritza Elkartea<\/title>\n<meta name=\"robots\" content=\"index, follow, max-snippet:-1, max-image-preview:large, max-video-preview:-1\" \/>\n<link rel=\"canonical\" href=\"https:\/\/www.hosteleriagipuzkoa.com\/eu\/2025\/01\/15\/itxiera-ordutegia-luzatzea-2025\/\" \/>\n<meta property=\"og:locale\" content=\"eu_ES\" \/>\n<meta property=\"og:type\" content=\"article\" \/>\n<meta property=\"og:title\" content=\"Itxiera-ordutegia luzatzea 2025 - Asociaci\u00f3n de Hosteler\u00eda de Gipuzkoa | Gipuzkoako Ostalaritza Elkartea\" \/>\n<meta property=\"og:description\" content=\"Donostia-San Sebasti\u00e1ngo Udalak baimena eman du urtarrilaren 19 igandean eta 20 astelehenean ostalaritzako establezimenduen itxiera-ordutegia bi orduz luzatzeko. Neurri honek hiriko establezimendu guztiei eragiten die, eta helburua negozioei data hauetan [&hellip;]\" \/>\n<meta property=\"og:url\" content=\"https:\/\/www.hosteleriagipuzkoa.com\/eu\/2025\/01\/15\/itxiera-ordutegia-luzatzea-2025\/\" \/>\n<meta property=\"og:site_name\" content=\"Asociaci\u00f3n de Hosteler\u00eda de Gipuzkoa | Gipuzkoako Ostalaritza Elkartea\" \/>\n<meta property=\"article:published_time\" content=\"2025-01-15T10:55:13+00:00\" \/>\n<meta property=\"article:modified_time\" content=\"2025-01-15T11:30:58+00:00\" \/>\n<meta property=\"og:image\" content=\"https:\/\/www.hosteleriagipuzkoa.com\/wp-content\/uploads\/2025\/01\/calendario-mese-febbraio-etimologia-perche-si-chiama-cosi-1675160616416_1280.webp\" \/>\n\t<meta property=\"og:image:width\" content=\"1280\" \/>\n\t<meta property=\"og:image:height\" content=\"892\" \/>\n\t<meta property=\"og:image:type\" content=\"image\/webp\" \/>\n<meta name=\"author\" content=\"AEHG\" \/>\n<meta name=\"twitter:card\" content=\"summary_large_image\" \/>\n<meta name=\"twitter:label1\" content=\"Written by\" \/>\n\t<meta name=\"twitter:data1\" content=\"AEHG\" \/>\n<script type=\"application\/ld+json\" class=\"yoast-schema-graph\">{\"@context\":\"https:\\\/\\\/schema.org\",\"@graph\":[{\"@type\":\"Article\",\"@id\":\"https:\\\/\\\/www.hosteleriagipuzkoa.com\\\/eu\\\/2025\\\/01\\\/15\\\/itxiera-ordutegia-luzatzea-2025\\\/#article\",\"isPartOf\":{\"@id\":\"https:\\\/\\\/www.hosteleriagipuzkoa.com\\\/eu\\\/2025\\\/01\\\/15\\\/itxiera-ordutegia-luzatzea-2025\\\/\"},\"author\":{\"name\":\"AEHG\",\"@id\":\"https:\\\/\\\/www.hosteleriagipuzkoa.com\\\/#\\\/schema\\\/person\\\/95fe1ad6431ea3e89831aa798ceb42e6\"},\"headline\":\"Itxiera-ordutegia luzatzea 2025\",\"datePublished\":\"2025-01-15T10:55:13+00:00\",\"dateModified\":\"2025-01-15T11:30:58+00:00\",\"mainEntityOfPage\":{\"@id\":\"https:\\\/\\\/www.hosteleriagipuzkoa.com\\\/eu\\\/2025\\\/01\\\/15\\\/itxiera-ordutegia-luzatzea-2025\\\/\"},\"wordCount\":76,\"publisher\":{\"@id\":\"https:\\\/\\\/www.hosteleriagipuzkoa.com\\\/#organization\"},\"image\":{\"@id\":\"https:\\\/\\\/www.hosteleriagipuzkoa.com\\\/eu\\\/2025\\\/01\\\/15\\\/itxiera-ordutegia-luzatzea-2025\\\/#primaryimage\"},\"thumbnailUrl\":\"https:\\\/\\\/www.hosteleriagipuzkoa.com\\\/wp-content\\\/uploads\\\/2025\\\/01\\\/calendario-mese-febbraio-etimologia-perche-si-chiama-cosi-1675160616416_1280.webp\",\"articleSection\":[\"Elkartea\"],\"inLanguage\":\"eu-ES\"},{\"@type\":\"WebPage\",\"@id\":\"https:\\\/\\\/www.hosteleriagipuzkoa.com\\\/eu\\\/2025\\\/01\\\/15\\\/itxiera-ordutegia-luzatzea-2025\\\/\",\"url\":\"https:\\\/\\\/www.hosteleriagipuzkoa.com\\\/eu\\\/2025\\\/01\\\/15\\\/itxiera-ordutegia-luzatzea-2025\\\/\",\"name\":\"Itxiera-ordutegia luzatzea 2025 - Asociaci\u00f3n de Hosteler\u00eda de Gipuzkoa | Gipuzkoako Ostalaritza Elkartea\",\"isPartOf\":{\"@id\":\"https:\\\/\\\/www.hosteleriagipuzkoa.com\\\/#website\"},\"primaryImageOfPage\":{\"@id\":\"https:\\\/\\\/www.hosteleriagipuzkoa.com\\\/eu\\\/2025\\\/01\\\/15\\\/itxiera-ordutegia-luzatzea-2025\\\/#primaryimage\"},\"image\":{\"@id\":\"https:\\\/\\\/www.hosteleriagipuzkoa.com\\\/eu\\\/2025\\\/01\\\/15\\\/itxiera-ordutegia-luzatzea-2025\\\/#primaryimage\"},\"thumbnailUrl\":\"https:\\\/\\\/www.hosteleriagipuzkoa.com\\\/wp-content\\\/uploads\\\/2025\\\/01\\\/calendario-mese-febbraio-etimologia-perche-si-chiama-cosi-1675160616416_1280.webp\",\"datePublished\":\"2025-01-15T10:55:13+00:00\",\"dateModified\":\"2025-01-15T11:30:58+00:00\",\"breadcrumb\":{\"@id\":\"https:\\\/\\\/www.hosteleriagipuzkoa.com\\\/eu\\\/2025\\\/01\\\/15\\\/itxiera-ordutegia-luzatzea-2025\\\/#breadcrumb\"},\"inLanguage\":\"eu-ES\",\"potentialAction\":[{\"@type\":\"ReadAction\",\"target\":[\"https:\\\/\\\/www.hosteleriagipuzkoa.com\\\/eu\\\/2025\\\/01\\\/15\\\/itxiera-ordutegia-luzatzea-2025\\\/\"]}]},{\"@type\":\"ImageObject\",\"inLanguage\":\"eu-ES\",\"@id\":\"https:\\\/\\\/www.hosteleriagipuzkoa.com\\\/eu\\\/2025\\\/01\\\/15\\\/itxiera-ordutegia-luzatzea-2025\\\/#primaryimage\",\"url\":\"https:\\\/\\\/www.hosteleriagipuzkoa.com\\\/wp-content\\\/uploads\\\/2025\\\/01\\\/calendario-mese-febbraio-etimologia-perche-si-chiama-cosi-1675160616416_1280.webp\",\"contentUrl\":\"https:\\\/\\\/www.hosteleriagipuzkoa.com\\\/wp-content\\\/uploads\\\/2025\\\/01\\\/calendario-mese-febbraio-etimologia-perche-si-chiama-cosi-1675160616416_1280.webp\",\"width\":1280,\"height\":892,\"caption\":\"ampliaci\u00f3n de horarios hosteler\u00eda gipuzkoa 2025\"},{\"@type\":\"BreadcrumbList\",\"@id\":\"https:\\\/\\\/www.hosteleriagipuzkoa.com\\\/eu\\\/2025\\\/01\\\/15\\\/itxiera-ordutegia-luzatzea-2025\\\/#breadcrumb\",\"itemListElement\":[{\"@type\":\"ListItem\",\"position\":1,\"name\":\"Portada\",\"item\":\"https:\\\/\\\/www.hosteleriagipuzkoa.com\\\/eu\\\/hasiera\\\/\"},{\"@type\":\"ListItem\",\"position\":2,\"name\":\"Itxiera-ordutegia luzatzea 2025\"}]},{\"@type\":\"WebSite\",\"@id\":\"https:\\\/\\\/www.hosteleriagipuzkoa.com\\\/#website\",\"url\":\"https:\\\/\\\/www.hosteleriagipuzkoa.com\\\/\",\"name\":\"Asociaci\u00f3n de Hosteler\u00eda de Gipuzkoa | Gipuzkoako Ostalaritza Elkartea\",\"description\":\"\",\"publisher\":{\"@id\":\"https:\\\/\\\/www.hosteleriagipuzkoa.com\\\/#organization\"},\"potentialAction\":[{\"@type\":\"SearchAction\",\"target\":{\"@type\":\"EntryPoint\",\"urlTemplate\":\"https:\\\/\\\/www.hosteleriagipuzkoa.com\\\/?s={search_term_string}\"},\"query-input\":{\"@type\":\"PropertyValueSpecification\",\"valueRequired\":true,\"valueName\":\"search_term_string\"}}],\"inLanguage\":\"eu-ES\"},{\"@type\":\"Organization\",\"@id\":\"https:\\\/\\\/www.hosteleriagipuzkoa.com\\\/#organization\",\"name\":\"Asociaci\u00f3n de Hosteler\u00eda de Gipuzkoa | Gipuzkoako Ostalaritza Elkartea\",\"url\":\"https:\\\/\\\/www.hosteleriagipuzkoa.com\\\/\",\"logo\":{\"@type\":\"ImageObject\",\"inLanguage\":\"eu-ES\",\"@id\":\"https:\\\/\\\/www.hosteleriagipuzkoa.com\\\/#\\\/schema\\\/logo\\\/image\\\/\",\"url\":\"https:\\\/\\\/www.hosteleriagipuzkoa.com\\\/wp-content\\\/uploads\\\/2022\\\/02\\\/logo-hosteleria-gipuzkoa.png\",\"contentUrl\":\"https:\\\/\\\/www.hosteleriagipuzkoa.com\\\/wp-content\\\/uploads\\\/2022\\\/02\\\/logo-hosteleria-gipuzkoa.png\",\"width\":175,\"height\":99,\"caption\":\"Asociaci\u00f3n de Hosteler\u00eda de Gipuzkoa | Gipuzkoako Ostalaritza Elkartea\"},\"image\":{\"@id\":\"https:\\\/\\\/www.hosteleriagipuzkoa.com\\\/#\\\/schema\\\/logo\\\/image\\\/\"}},{\"@type\":\"Person\",\"@id\":\"https:\\\/\\\/www.hosteleriagipuzkoa.com\\\/#\\\/schema\\\/person\\\/95fe1ad6431ea3e89831aa798ceb42e6\",\"name\":\"AEHG\",\"url\":\"https:\\\/\\\/www.hosteleriagipuzkoa.com\\\/eu\\\/author\\\/aehg\\\/\"}]}<\/script>\n<!-- \/ Yoast SEO plugin. -->","yoast_head_json":{"title":"Itxiera-ordutegia luzatzea 2025 - Asociaci\u00f3n de Hosteler\u00eda de Gipuzkoa | Gipuzkoako Ostalaritza Elkartea","robots":{"index":"index","follow":"follow","max-snippet":"max-snippet:-1","max-image-preview":"max-image-preview:large","max-video-preview":"max-video-preview:-1"},"canonical":"https:\/\/www.hosteleriagipuzkoa.com\/eu\/2025\/01\/15\/itxiera-ordutegia-luzatzea-2025\/","og_locale":"eu_ES","og_type":"article","og_title":"Itxiera-ordutegia luzatzea 2025 - Asociaci\u00f3n de Hosteler\u00eda de Gipuzkoa | Gipuzkoako Ostalaritza Elkartea","og_description":"Donostia-San Sebasti\u00e1ngo Udalak baimena eman du urtarrilaren 19 igandean eta 20 astelehenean ostalaritzako establezimenduen itxiera-ordutegia bi orduz luzatzeko. Neurri honek hiriko establezimendu guztiei eragiten die, eta helburua negozioei data hauetan [&hellip;]","og_url":"https:\/\/www.hosteleriagipuzkoa.com\/eu\/2025\/01\/15\/itxiera-ordutegia-luzatzea-2025\/","og_site_name":"Asociaci\u00f3n de Hosteler\u00eda de Gipuzkoa | Gipuzkoako Ostalaritza Elkartea","article_published_time":"2025-01-15T10:55:13+00:00","article_modified_time":"2025-01-15T11:30:58+00:00","og_image":[{"width":1280,"height":892,"url":"https:\/\/www.hosteleriagipuzkoa.com\/wp-content\/uploads\/2025\/01\/calendario-mese-febbraio-etimologia-perche-si-chiama-cosi-1675160616416_1280.webp","type":"image\/webp"}],"author":"AEHG","twitter_card":"summary_large_image","twitter_misc":{"Written by":"AEHG"},"schema":{"@context":"https:\/\/schema.org","@graph":[{"@type":"Article","@id":"https:\/\/www.hosteleriagipuzkoa.com\/eu\/2025\/01\/15\/itxiera-ordutegia-luzatzea-2025\/#article","isPartOf":{"@id":"https:\/\/www.hosteleriagipuzkoa.com\/eu\/2025\/01\/15\/itxiera-ordutegia-luzatzea-2025\/"},"author":{"name":"AEHG","@id":"https:\/\/www.hosteleriagipuzkoa.com\/#\/schema\/person\/95fe1ad6431ea3e89831aa798ceb42e6"},"headline":"Itxiera-ordutegia luzatzea 2025","datePublished":"2025-01-15T10:55:13+00:00","dateModified":"2025-01-15T11:30:58+00:00","mainEntityOfPage":{"@id":"https:\/\/www.hosteleriagipuzkoa.com\/eu\/2025\/01\/15\/itxiera-ordutegia-luzatzea-2025\/"},"wordCount":76,"publisher":{"@id":"https:\/\/www.hosteleriagipuzkoa.com\/#organization"},"image":{"@id":"https:\/\/www.hosteleriagipuzkoa.com\/eu\/2025\/01\/15\/itxiera-ordutegia-luzatzea-2025\/#primaryimage"},"thumbnailUrl":"https:\/\/www.hosteleriagipuzkoa.com\/wp-content\/uploads\/2025\/01\/calendario-mese-febbraio-etimologia-perche-si-chiama-cosi-1675160616416_1280.webp","articleSection":["Elkartea"],"inLanguage":"eu-ES"},{"@type":"WebPage","@id":"https:\/\/www.hosteleriagipuzkoa.com\/eu\/2025\/01\/15\/itxiera-ordutegia-luzatzea-2025\/","url":"https:\/\/www.hosteleriagipuzkoa.com\/eu\/2025\/01\/15\/itxiera-ordutegia-luzatzea-2025\/","name":"Itxiera-ordutegia luzatzea 2025 - Asociaci\u00f3n de Hosteler\u00eda de Gipuzkoa | Gipuzkoako Ostalaritza Elkartea","isPartOf":{"@id":"https:\/\/www.hosteleriagipuzkoa.com\/#website"},"primaryImageOfPage":{"@id":"https:\/\/www.hosteleriagipuzkoa.com\/eu\/2025\/01\/15\/itxiera-ordutegia-luzatzea-2025\/#primaryimage"},"image":{"@id":"https:\/\/www.hosteleriagipuzkoa.com\/eu\/2025\/01\/15\/itxiera-ordutegia-luzatzea-2025\/#primaryimage"},"thumbnailUrl":"https:\/\/www.hosteleriagipuzkoa.com\/wp-content\/uploads\/2025\/01\/calendario-mese-febbraio-etimologia-perche-si-chiama-cosi-1675160616416_1280.webp","datePublished":"2025-01-15T10:55:13+00:00","dateModified":"2025-01-15T11:30:58+00:00","breadcrumb":{"@id":"https:\/\/www.hosteleriagipuzkoa.com\/eu\/2025\/01\/15\/itxiera-ordutegia-luzatzea-2025\/#breadcrumb"},"inLanguage":"eu-ES","potentialAction":[{"@type":"ReadAction","target":["https:\/\/www.hosteleriagipuzkoa.com\/eu\/2025\/01\/15\/itxiera-ordutegia-luzatzea-2025\/"]}]},{"@type":"ImageObject","inLanguage":"eu-ES","@id":"https:\/\/www.hosteleriagipuzkoa.com\/eu\/2025\/01\/15\/itxiera-ordutegia-luzatzea-2025\/#primaryimage","url":"https:\/\/www.hosteleriagipuzkoa.com\/wp-content\/uploads\/2025\/01\/calendario-mese-febbraio-etimologia-perche-si-chiama-cosi-1675160616416_1280.webp","contentUrl":"https:\/\/www.hosteleriagipuzkoa.com\/wp-content\/uploads\/2025\/01\/calendario-mese-febbraio-etimologia-perche-si-chiama-cosi-1675160616416_1280.webp","width":1280,"height":892,"caption":"ampliaci\u00f3n de horarios hosteler\u00eda gipuzkoa 2025"},{"@type":"BreadcrumbList","@id":"https:\/\/www.hosteleriagipuzkoa.com\/eu\/2025\/01\/15\/itxiera-ordutegia-luzatzea-2025\/#breadcrumb","itemListElement":[{"@type":"ListItem","position":1,"name":"Portada","item":"https:\/\/www.hosteleriagipuzkoa.com\/eu\/hasiera\/"},{"@type":"ListItem","position":2,"name":"Itxiera-ordutegia luzatzea 2025"}]},{"@type":"WebSite","@id":"https:\/\/www.hosteleriagipuzkoa.com\/#website","url":"https:\/\/www.hosteleriagipuzkoa.com\/","name":"Asociaci\u00f3n de Hosteler\u00eda de Gipuzkoa | Gipuzkoako Ostalaritza Elkartea","description":"","publisher":{"@id":"https:\/\/www.hosteleriagipuzkoa.com\/#organization"},"potentialAction":[{"@type":"SearchAction","target":{"@type":"EntryPoint","urlTemplate":"https:\/\/www.hosteleriagipuzkoa.com\/?s={search_term_string}"},"query-input":{"@type":"PropertyValueSpecification","valueRequired":true,"valueName":"search_term_string"}}],"inLanguage":"eu-ES"},{"@type":"Organization","@id":"https:\/\/www.hosteleriagipuzkoa.com\/#organization","name":"Asociaci\u00f3n de Hosteler\u00eda de Gipuzkoa | Gipuzkoako Ostalaritza Elkartea","url":"https:\/\/www.hosteleriagipuzkoa.com\/","logo":{"@type":"ImageObject","inLanguage":"eu-ES","@id":"https:\/\/www.hosteleriagipuzkoa.com\/#\/schema\/logo\/image\/","url":"https:\/\/www.hosteleriagipuzkoa.com\/wp-content\/uploads\/2022\/02\/logo-hosteleria-gipuzkoa.png","contentUrl":"https:\/\/www.hosteleriagipuzkoa.com\/wp-content\/uploads\/2022\/02\/logo-hosteleria-gipuzkoa.png","width":175,"height":99,"caption":"Asociaci\u00f3n de Hosteler\u00eda de Gipuzkoa | Gipuzkoako Ostalaritza Elkartea"},"image":{"@id":"https:\/\/www.hosteleriagipuzkoa.com\/#\/schema\/logo\/image\/"}},{"@type":"Person","@id":"https:\/\/www.hosteleriagipuzkoa.com\/#\/schema\/person\/95fe1ad6431ea3e89831aa798ceb42e6","name":"AEHG","url":"https:\/\/www.hosteleriagipuzkoa.com\/eu\/author\/aehg\/"}]}},"_links":{"self":[{"href":"https:\/\/www.hosteleriagipuzkoa.com\/eu\/wp-json\/wp\/v2\/posts\/6027","targetHints":{"allow":["GET"]}}],"collection":[{"href":"https:\/\/www.hosteleriagipuzkoa.com\/eu\/wp-json\/wp\/v2\/posts"}],"about":[{"href":"https:\/\/www.hosteleriagipuzkoa.com\/eu\/wp-json\/wp\/v2\/types\/post"}],"author":[{"embeddable":true,"href":"https:\/\/www.hosteleriagipuzkoa.com\/eu\/wp-json\/wp\/v2\/users\/2"}],"replies":[{"embeddable":true,"href":"https:\/\/www.hosteleriagipuzkoa.com\/eu\/wp-json\/wp\/v2\/comments?post=6027"}],"version-history":[{"count":1,"href":"https:\/\/www.hosteleriagipuzkoa.com\/eu\/wp-json\/wp\/v2\/posts\/6027\/revisions"}],"predecessor-version":[{"id":6028,"href":"https:\/\/www.hosteleriagipuzkoa.com\/eu\/wp-json\/wp\/v2\/posts\/6027\/revisions\/6028"}],"wp:featuredmedia":[{"embeddable":true,"href":"https:\/\/www.hosteleriagipuzkoa.com\/eu\/wp-json\/wp\/v2\/media\/6004"}],"wp:attachment":[{"href":"https:\/\/www.hosteleriagipuzkoa.com\/eu\/wp-json\/wp\/v2\/media?parent=6027"}],"wp:term":[{"taxonomy":"category","embeddable":true,"href":"https:\/\/www.hosteleriagipuzkoa.com\/eu\/wp-json\/wp\/v2\/categories?post=6027"},{"taxonomy":"post_tag","embeddable":true,"href":"https:\/\/www.hosteleriagipuzkoa.com\/eu\/wp-json\/wp\/v2\/tags?post=6027"}],"curies":[{"name":"wp","href":"https:\/\/api.w.org\/{rel}","templated":true}]}}